{"id":3250,"date":"2025-09-03T18:43:26","date_gmt":"2025-09-03T16:43:26","guid":{"rendered":"http:\/\/anssaintemarie.be\/?p=3250"},"modified":"2025-09-03T18:44:48","modified_gmt":"2025-09-03T16:44:48","slug":"3250","status":"publish","type":"post","link":"https:\/\/anssaintemarie.be\/?p=3250","title":{"rendered":"Am\u00e9nagements de la cour primaire &#8211; Ao\u00fbt 2025"},"content":{"rendered":"<p>&#x1f6e0;&#xfe0f;&#x1f6a7; AM\u00c9NAGEMENTS COUR PRIMAIRE &#x1f6a7;&#x1f6e0;&#xfe0f;<\/p>\n<p>&#x1f192; Cet \u00e9t\u00e9, un gros projet s&rsquo;est enfin concr\u00e9tis\u00e9. &#x1f389;<br \/>\nEn effet, durant les vacances, les travaux d&rsquo;am\u00e9nagements de la cour primaire ont pu se faire. <\/p>\n<p>&#x1f195; Depuis quelques jours, les enfants profitent donc pleinement de la zone foot. &#x1f945; &#x26bd;   <\/p>\n<p>&#x1f539; Ces am\u00e9nagements permettent:<br \/>\n&#x2705; de concr\u00e9tiser notre nouveau r\u00e8glement;<br \/>\n&#x2705; de structurer notre petite cour (diff\u00e9rentes zones);<br \/>\n&#x2705; d&rsquo;\u00e9viter de nombreuses disputes (il y en aura encore hein, mais beaucoup moins&#x1f609;).<br \/>\nDe plus, le panier de basket a \u00e9t\u00e9 install\u00e9. &#x26f9;&#xfe0f; &#x1f3c0; <\/p>\n<p>&#x1f51c; Quelques am\u00e9nagements sont encore pr\u00e9vus, mais patience&#8230; &#x1f917;<\/p>\n<p>&#x2705; Enfin, tous ces investissements ont pu \u00eatre r\u00e9alis\u00e9s gr\u00e2ce aux b\u00e9n\u00e9fices &#x1f4b6; que nos diff\u00e9rentes actions ont engendr\u00e9s.<br \/>\n&#x1f618; Donc MERCI \u00e0 vous, parents (grands-parents, famille, amis, anciens&#8230;) qui \u00eates chaque fois au rendez-vous pour nous soutenir.&#x1f44f;&#x1f44c;<\/p>\n<p>&#x1f4f8; Retour en images sur les installations. &#x2935;&#xfe0f;<img loading=\"lazy\" decoding=\"async\" src=\"http:\/\/anssaintemarie.be\/wp-content\/uploads\/2025\/09\/Photo-cour-primaire-2-2025-800x600.jpg\" alt=\"\" width=\"800\" height=\"600\" class=\"alignnone size-medium wp-image-3254\" srcset=\"https:\/\/anssaintemarie.be\/wp-content\/uploads\/2025\/09\/Photo-cour-primaire-2-2025-800x600.jpg 800w, https:\/\/anssaintemarie.be\/wp-content\/uploads\/2025\/09\/Photo-cour-primaire-2-2025-768x576.jpg 768w, https:\/\/anssaintemarie.be\/wp-content\/uploads\/2025\/09\/Photo-cour-primaire-2-2025-1024x768.jpg 1024w, https:\/\/anssaintemarie.be\/wp-content\/uploads\/2025\/09\/Photo-cour-primaire-2-2025-73x55.jpg 73w, https:\/\/anssaintemarie.be\/wp-content\/uploads\/2025\/09\/Photo-cour-primaire-2-2025-75x55.jpg 75w, https:\/\/anssaintemarie.be\/wp-content\/uploads\/2025\/09\/Photo-cour-primaire-2-2025-60x45.jpg 60w, https:\/\/anssaintemarie.be\/wp-content\/uploads\/2025\/09\/Photo-cour-primaire-2-2025.jpg 2048w\" sizes=\"auto, (max-width: 800px) 100vw, 800px\" \/><br \/>\n<img loading=\"lazy\" decoding=\"async\" src=\"http:\/\/anssaintemarie.be\/wp-content\/uploads\/2025\/09\/Photo-cour-primaire-2025-1-800x600.jpg\" alt=\"\" width=\"800\" height=\"600\" class=\"alignnone size-medium wp-image-3256\" srcset=\"https:\/\/anssaintemarie.be\/wp-content\/uploads\/2025\/09\/Photo-cour-primaire-2025-1-800x600.jpg 800w, https:\/\/anssaintemarie.be\/wp-content\/uploads\/2025\/09\/Photo-cour-primaire-2025-1-768x576.jpg 768w, https:\/\/anssaintemarie.be\/wp-content\/uploads\/2025\/09\/Photo-cour-primaire-2025-1-1024x768.jpg 1024w, https:\/\/anssaintemarie.be\/wp-content\/uploads\/2025\/09\/Photo-cour-primaire-2025-1-73x55.jpg 73w, https:\/\/anssaintemarie.be\/wp-content\/uploads\/2025\/09\/Photo-cour-primaire-2025-1-75x55.jpg 75w, https:\/\/anssaintemarie.be\/wp-content\/uploads\/2025\/09\/Photo-cour-primaire-2025-1-60x45.jpg 60w, https:\/\/anssaintemarie.be\/wp-content\/uploads\/2025\/09\/Photo-cour-primaire-2025-1.jpg 2048w\" sizes=\"auto, (max-width: 800px) 100vw, 800px\" \/><br \/>\n<img loading=\"lazy\" decoding=\"async\" src=\"http:\/\/anssaintemarie.be\/wp-content\/uploads\/2025\/09\/Photo-cour-primaire-3-2025-1-450x600.jpg\" alt=\"\" width=\"450\" height=\"600\" class=\"alignnone size-medium wp-image-3258\" srcset=\"https:\/\/anssaintemarie.be\/wp-content\/uploads\/2025\/09\/Photo-cour-primaire-3-2025-1-450x600.jpg 450w, https:\/\/anssaintemarie.be\/wp-content\/uploads\/2025\/09\/Photo-cour-primaire-3-2025-1-768x1024.jpg 768w, https:\/\/anssaintemarie.be\/wp-content\/uploads\/2025\/09\/Photo-cour-primaire-3-2025-1-41x55.jpg 41w, https:\/\/anssaintemarie.be\/wp-content\/uploads\/2025\/09\/Photo-cour-primaire-3-2025-1.jpg 1536w\" sizes=\"auto, (max-width: 450px) 100vw, 450px\" \/><\/p>\n<p>Sainte-Marie, une \u00e9cole pleine de projets! &#x1f917;&#x1f4dd;<\/p>\n","protected":false},"excerpt":{"rendered":"<p>&#x1f6e0;&#xfe0f;&#x1f6a7; AM\u00c9NAGEMENTS COUR PRIMAIRE &#x1f6a7;&#x1f6e0;&#xfe0f; &#x1f192; Cet \u00e9t\u00e9, un gros projet s&rsquo;est enfin concr\u00e9tis\u00e9. &#x1f389; En effet, durant les vacances, les travaux d&rsquo;am\u00e9nagements de la cour primaire ont pu se faire. &#x1f195; Depuis quelques jours, les enfants profitent donc pleinement de la zone foot. &#x1f945; &#x26bd; &#x1f539; Ces am\u00e9nagements permettent: &#x2705; de concr\u00e9tiser notre nouveau [&hellip;]<\/p>\n","protected":false},"author":21,"featured_media":0,"comment_status":"open","ping_status":"open","sticky":false,"template":"","format":"standard","meta":{"footnotes":""},"categories":[6],"tags":[],"class_list":["post-3250","post","type-post","status-publish","format-standard","hentry","category-news"],"_links":{"self":[{"href":"https:\/\/anssaintemarie.be\/index.php?rest_route=\/wp\/v2\/posts\/3250","targetHints":{"allow":["GET"]}}],"collection":[{"href":"https:\/\/anssaintemarie.be\/index.php?rest_route=\/wp\/v2\/posts"}],"about":[{"href":"https:\/\/anssaintemarie.be\/index.php?rest_route=\/wp\/v2\/types\/post"}],"author":[{"embeddable":true,"href":"https:\/\/anssaintemarie.be\/index.php?rest_route=\/wp\/v2\/users\/21"}],"replies":[{"embeddable":true,"href":"https:\/\/anssaintemarie.be\/index.php?rest_route=%2Fwp%2Fv2%2Fcomments&post=3250"}],"version-history":[{"count":6,"href":"https:\/\/anssaintemarie.be\/index.php?rest_route=\/wp\/v2\/posts\/3250\/revisions"}],"predecessor-version":[{"id":3262,"href":"https:\/\/anssaintemarie.be\/index.php?rest_route=\/wp\/v2\/posts\/3250\/revisions\/3262"}],"wp:attachment":[{"href":"https:\/\/anssaintemarie.be\/index.php?rest_route=%2Fwp%2Fv2%2Fmedia&parent=3250"}],"wp:term":[{"taxonomy":"category","embeddable":true,"href":"https:\/\/anssaintemarie.be\/index.php?rest_route=%2Fwp%2Fv2%2Fcategories&post=3250"},{"taxonomy":"post_tag","embeddable":true,"href":"https:\/\/anssaintemarie.be\/index.php?rest_route=%2Fwp%2Fv2%2Ftags&post=3250"}],"curies":[{"name":"wp","href":"https:\/\/api.w.org\/{rel}","templated":true}]}}